{"id":608,"date":"2019-09-06T12:26:00","date_gmt":"2019-09-06T10:26:00","guid":{"rendered":"http:\/\/ecoledesartsmartiaux.fr\/?p=608"},"modified":"2023-09-24T02:34:42","modified_gmt":"2023-09-24T00:34:42","slug":"stage-de-krav-maga-sur-la-cote-dopale","status":"publish","type":"post","link":"https:\/\/ecoledesartsmartiaux.fr\/?p=608","title":{"rendered":"Stage de Krav Maga sur la c\u00f4te d&rsquo;opale"},"content":{"rendered":"\n<p>Stage de Krav Maga sur la c\u00f4te d&rsquo;opale avec Raymond Holle<\/p>\n\n\n\n<p><\/p>\n\n\n\n<p>Inscription sur place<\/p>\n\n\n\n<p>Gratuit pour les adh\u00e9rents&nbsp;<br>5 euros pour les ext\u00e9rieurs<\/p>\n\n\n\n<p>Stage en 2 parties :<br>&#8211; le vendredi \u00e0 Gravelines&nbsp;<br>&#8211; le samedi \u00e0 Boulogne sur mer<\/p>\n\n\n\n<p>On vous attend nombreux&nbsp;\ud83d\udcaa\ud83d\udcaa\ud83d\udcaa<\/p>\n\n\n\n<p>Le stage est ouvert \u00e0 toutes et tous<\/p>\n\n\n\n<p>Tous niveaux<\/p>\n","protected":false},"excerpt":{"rendered":"<p>Stage de Krav Maga sur la c\u00f4te d&rsquo;opale avec Raymond Holle Inscription sur place Gratuit pour les adh\u00e9rents&nbsp;5 euros pour les ext\u00e9rieurs Stage en 2 parties :&#8211; le vendredi \u00e0 Gravelines&nbsp;&#8211; le samedi \u00e0 Boulogne sur mer On vous attend nombreux&nbsp;\ud83d\udcaa\ud83d\udcaa\ud83d\udcaa Le stage est ouvert \u00e0 toutes et tous Tous niveaux<\/p>\n","protected":false},"author":1,"featured_media":242064,"comment_status":"open","ping_status":"open","sticky":false,"template":"","format":"standard","meta":{"_et_pb_use_builder":"","_et_pb_old_content":"","_et_gb_content_width":"1080","iawp_total_views":18,"footnotes":""},"categories":[4],"tags":[],"class_list":["post-608","post","type-post","status-publish","format-standard","has-post-thumbnail","hentry","category-krav-maga"],"_links":{"self":[{"href":"https:\/\/ecoledesartsmartiaux.fr\/index.php?rest_route=\/wp\/v2\/posts\/608"}],"collection":[{"href":"https:\/\/ecoledesartsmartiaux.fr\/index.php?rest_route=\/wp\/v2\/posts"}],"about":[{"href":"https:\/\/ecoledesartsmartiaux.fr\/index.php?rest_route=\/wp\/v2\/types\/post"}],"author":[{"embeddable":true,"href":"https:\/\/ecoledesartsmartiaux.fr\/index.php?rest_route=\/wp\/v2\/users\/1"}],"replies":[{"embeddable":true,"href":"https:\/\/ecoledesartsmartiaux.fr\/index.php?rest_route=%2Fwp%2Fv2%2Fcomments&post=608"}],"version-history":[{"count":1,"href":"https:\/\/ecoledesartsmartiaux.fr\/index.php?rest_route=\/wp\/v2\/posts\/608\/revisions"}],"predecessor-version":[{"id":610,"href":"https:\/\/ecoledesartsmartiaux.fr\/index.php?rest_route=\/wp\/v2\/posts\/608\/revisions\/610"}],"wp:featuredmedia":[{"embeddable":true,"href":"https:\/\/ecoledesartsmartiaux.fr\/index.php?rest_route=\/wp\/v2\/media\/242064"}],"wp:attachment":[{"href":"https:\/\/ecoledesartsmartiaux.fr\/index.php?rest_route=%2Fwp%2Fv2%2Fmedia&parent=608"}],"wp:term":[{"taxonomy":"category","embeddable":true,"href":"https:\/\/ecoledesartsmartiaux.fr\/index.php?rest_route=%2Fwp%2Fv2%2Fcategories&post=608"},{"taxonomy":"post_tag","embeddable":true,"href":"https:\/\/ecoledesartsmartiaux.fr\/index.php?rest_route=%2Fwp%2Fv2%2Ftags&post=608"}],"curies":[{"name":"wp","href":"https:\/\/api.w.org\/{rel}","templated":true}]}}