{"id":588,"date":"2019-08-25T23:09:04","date_gmt":"2019-08-25T21:09:04","guid":{"rendered":"http:\/\/ecoledesartsmartiaux.fr\/?p=588"},"modified":"2023-09-24T02:20:49","modified_gmt":"2023-09-24T00:20:49","slug":"journee-dinformations-zen-attitude-rh","status":"publish","type":"post","link":"https:\/\/ecoledesartsmartiaux.fr\/?p=588","title":{"rendered":"Journ\u00e9e d&rsquo;informations Zen Attitude RH"},"content":{"rendered":"\n<p>Malgr\u00e9 les vacances les futurs instructeurs de la Zen Attitude RH ont r\u00e9pondu pr\u00e9sent. de nouvelles \u00e9coles vont voir le jour d\u00e8s la rentr\u00e9e en septembre dans les Hauts de France ainsi qu&rsquo;\u00e0 Nice.<\/p>\n\n\n\n<p>La Zen Attitude RH sera tr\u00e8s rapidement repr\u00e9sent\u00e9e sur le territoire national.<\/p>\n\n\n\n<p>Venez nous rejoindre afin de contribuer \u00e0 cette aventure qui s&rsquo;annonce tr\u00e8s prometteuse.<\/p>\n\n\n\n<p> .<\/p>\n","protected":false},"excerpt":{"rendered":"<p>Malgr\u00e9 les vacances les futurs instructeurs de la Zen Attitude RH ont r\u00e9pondu pr\u00e9sent. de nouvelles \u00e9coles vont voir le jour d\u00e8s la rentr\u00e9e en septembre dans les Hauts de France ainsi qu&rsquo;\u00e0 Nice. La Zen Attitude RH sera tr\u00e8s rapidement repr\u00e9sent\u00e9e sur le territoire national. Venez nous rejoindre afin de contribuer \u00e0 cette aventure [&hellip;]<\/p>\n","protected":false},"author":1,"featured_media":589,"comment_status":"open","ping_status":"open","sticky":false,"template":"","format":"standard","meta":{"_et_pb_use_builder":"","_et_pb_old_content":"","_et_gb_content_width":"","iawp_total_views":4,"footnotes":""},"categories":[6],"tags":[],"class_list":["post-588","post","type-post","status-publish","format-standard","has-post-thumbnail","hentry","category-zen-way"],"_links":{"self":[{"href":"https:\/\/ecoledesartsmartiaux.fr\/index.php?rest_route=\/wp\/v2\/posts\/588"}],"collection":[{"href":"https:\/\/ecoledesartsmartiaux.fr\/index.php?rest_route=\/wp\/v2\/posts"}],"about":[{"href":"https:\/\/ecoledesartsmartiaux.fr\/index.php?rest_route=\/wp\/v2\/types\/post"}],"author":[{"embeddable":true,"href":"https:\/\/ecoledesartsmartiaux.fr\/index.php?rest_route=\/wp\/v2\/users\/1"}],"replies":[{"embeddable":true,"href":"https:\/\/ecoledesartsmartiaux.fr\/index.php?rest_route=%2Fwp%2Fv2%2Fcomments&post=588"}],"version-history":[{"count":1,"href":"https:\/\/ecoledesartsmartiaux.fr\/index.php?rest_route=\/wp\/v2\/posts\/588\/revisions"}],"predecessor-version":[{"id":590,"href":"https:\/\/ecoledesartsmartiaux.fr\/index.php?rest_route=\/wp\/v2\/posts\/588\/revisions\/590"}],"wp:featuredmedia":[{"embeddable":true,"href":"https:\/\/ecoledesartsmartiaux.fr\/index.php?rest_route=\/wp\/v2\/media\/589"}],"wp:attachment":[{"href":"https:\/\/ecoledesartsmartiaux.fr\/index.php?rest_route=%2Fwp%2Fv2%2Fmedia&parent=588"}],"wp:term":[{"taxonomy":"category","embeddable":true,"href":"https:\/\/ecoledesartsmartiaux.fr\/index.php?rest_route=%2Fwp%2Fv2%2Fcategories&post=588"},{"taxonomy":"post_tag","embeddable":true,"href":"https:\/\/ecoledesartsmartiaux.fr\/index.php?rest_route=%2Fwp%2Fv2%2Ftags&post=588"}],"curies":[{"name":"wp","href":"https:\/\/api.w.org\/{rel}","templated":true}]}}