{"id":577,"date":"2019-08-20T02:47:52","date_gmt":"2019-08-20T00:47:52","guid":{"rendered":"http:\/\/ecoledesartsmartiaux.fr\/?p=577"},"modified":"2023-09-24T02:20:34","modified_gmt":"2023-09-24T00:20:34","slug":"championnat-du-monde-de-krav-maga-combat-et-technique-paris-02-nov-2019","status":"publish","type":"post","link":"https:\/\/ecoledesartsmartiaux.fr\/?p=577","title":{"rendered":"Championnat du Monde de Krav Maga Combat  et technique Paris 02 nov 2019"},"content":{"rendered":"\n<p> C\u2019est avec une grande fiert\u00e9 que nous avons particip\u00e9&nbsp;&nbsp;au championnat du Monde de Krav Maga au c\u00f4t\u00e9 de nos AMIS des Ecoles Esprit Martial sous la responsabilit\u00e9 de Franck Delsaut.<br>Une r\u00e9ussite sans pr\u00e9c\u00e9dant avec 15 m\u00e9dailles&nbsp;obtenues<\/p>\n\n\n\n<p><\/p>\n\n\n\n\n\n\n\n<p> &#8211; Am\u00e9lie, vice championne du monde de Krav Maga Combat (Senior)<br>&#8211; Cathy, vice championne du monde de Krav Maga combat (Veteran)<br>&#8211; Pierre Marie, m\u00e9daille de bronze de Krav Maga combat (Veteran) <br><\/p>\n","protected":false},"excerpt":{"rendered":"<p>C\u2019est avec une grande fiert\u00e9 que nous avons particip\u00e9&nbsp;&nbsp;au championnat du Monde de Krav Maga au c\u00f4t\u00e9 de nos AMIS des Ecoles Esprit Martial sous la responsabilit\u00e9 de Franck Delsaut.Une r\u00e9ussite sans pr\u00e9c\u00e9dant avec 15 m\u00e9dailles&nbsp;obtenues &#8211; Am\u00e9lie, vice championne du monde de Krav Maga Combat (Senior)&#8211; Cathy, vice championne du monde de Krav Maga [&hellip;]<\/p>\n","protected":false},"author":1,"featured_media":0,"comment_status":"open","ping_status":"open","sticky":false,"template":"","format":"standard","meta":{"_et_pb_use_builder":"","_et_pb_old_content":"","_et_gb_content_width":"1080","iawp_total_views":6,"footnotes":""},"categories":[4],"tags":[],"class_list":["post-577","post","type-post","status-publish","format-standard","hentry","category-krav-maga"],"_links":{"self":[{"href":"https:\/\/ecoledesartsmartiaux.fr\/index.php?rest_route=\/wp\/v2\/posts\/577"}],"collection":[{"href":"https:\/\/ecoledesartsmartiaux.fr\/index.php?rest_route=\/wp\/v2\/posts"}],"about":[{"href":"https:\/\/ecoledesartsmartiaux.fr\/index.php?rest_route=\/wp\/v2\/types\/post"}],"author":[{"embeddable":true,"href":"https:\/\/ecoledesartsmartiaux.fr\/index.php?rest_route=\/wp\/v2\/users\/1"}],"replies":[{"embeddable":true,"href":"https:\/\/ecoledesartsmartiaux.fr\/index.php?rest_route=%2Fwp%2Fv2%2Fcomments&post=577"}],"version-history":[{"count":5,"href":"https:\/\/ecoledesartsmartiaux.fr\/index.php?rest_route=\/wp\/v2\/posts\/577\/revisions"}],"predecessor-version":[{"id":242062,"href":"https:\/\/ecoledesartsmartiaux.fr\/index.php?rest_route=\/wp\/v2\/posts\/577\/revisions\/242062"}],"wp:attachment":[{"href":"https:\/\/ecoledesartsmartiaux.fr\/index.php?rest_route=%2Fwp%2Fv2%2Fmedia&parent=577"}],"wp:term":[{"taxonomy":"category","embeddable":true,"href":"https:\/\/ecoledesartsmartiaux.fr\/index.php?rest_route=%2Fwp%2Fv2%2Fcategories&post=577"},{"taxonomy":"post_tag","embeddable":true,"href":"https:\/\/ecoledesartsmartiaux.fr\/index.php?rest_route=%2Fwp%2Fv2%2Ftags&post=577"}],"curies":[{"name":"wp","href":"https:\/\/api.w.org\/{rel}","templated":true}]}}