{"id":525,"date":"2019-04-22T22:11:21","date_gmt":"2019-04-22T20:11:21","guid":{"rendered":"http:\/\/ecoledesartsmartiaux.fr\/?p=525"},"modified":"2023-09-24T02:20:18","modified_gmt":"2023-09-24T00:20:18","slug":"championnat-de-france-krav-maga-combat-a-paris","status":"publish","type":"post","link":"https:\/\/ecoledesartsmartiaux.fr\/?p=525","title":{"rendered":"Championnat de France de KRAV MAGA Combat Paris 2019"},"content":{"rendered":"\n[et_pb_section admin_label=\u00a0\u00bbsection\u00a0\u00bb]\n\t\t\t[et_pb_row admin_label=\u00a0\u00bbrow\u00a0\u00bb]\n\t\t\t\t[et_pb_column type=\u00a0\u00bb4_4&Prime;][et_pb_text admin_label=\u00a0\u00bbText\u00a0\u00bb]CHAMPIONNAT DE FRANCE KRAV MAGA COMBAT \u00c0 PARIS:\n\nAm\u00e9lie championne d&rsquo;Europe technique en KRAV MAGA obtient le titre de championne de France KRAV MAGA en Combat\n\nPierre Marie premi\u00e8re participation au championnat de France combat obtient la m\u00e9daille d&rsquo;or\n\nThomas champion en titre 2018 finit troisi\u00e8me et obtient la m\u00e9daille de bronze\n\n&nbsp;\n\n<iframe loading=\"lazy\" width=\"560\" height=\"315\" src=\"https:\/\/www.youtube.com\/embed\/qu7i4A8931A\" frameborder=\"0\" allow=\"accelerometer; autoplay; encrypted-media; gyroscope; picture-in-picture\" allowfullscreen=\"\"><\/iframe>[\/et_pb_text][\/et_pb_column]\n\t\t\t[\/et_pb_row]\n\t\t[\/et_pb_section]\n","protected":false},"excerpt":{"rendered":"<p>CHAMPIONNAT DE FRANCE KRAV MAGA COMBAT \u00c0 PARIS: Am\u00e9lie championne d&rsquo;Europe technique en KRAV MAGA obtient le titre de championne de France KRAV MAGA en Combat Pierre Marie premi\u00e8re participation au championnat de France combat obtient la m\u00e9daille d&rsquo;or Thomas champion en titre 2018 finit troisi\u00e8me et obtient la m\u00e9daille de bronze &nbsp; <\/p>\n","protected":false},"author":1,"featured_media":0,"comment_status":"open","ping_status":"open","sticky":false,"template":"","format":"standard","meta":{"_et_pb_use_builder":"on","_et_pb_old_content":"CHAMPIONNAT DE FRANCE KRAV MAGA COMBAT \u00c0 PARIS:\n\nAm\u00e9lie championne d'Europe technique en KRAV MAGA obtient le titre de championne de France KRAV MAGA en Combat\n\nPierre Marie premi\u00e8re participation au championnat de France combat obtient la m\u00e9daille d'or\n\nThomas champion en titre 2018 finit troisi\u00e8me et obtient la m\u00e9daille de bronze\n\n&nbsp;\n\n<iframe width=\"560\" height=\"315\" src=\"https:\/\/www.youtube.com\/embed\/qu7i4A8931A\" frameborder=\"0\" allow=\"accelerometer; autoplay; encrypted-media; gyroscope; picture-in-picture\" allowfullscreen=\"\"><\/iframe>[justified_image_grid ng_gallery=2]","_et_gb_content_width":"2880","iawp_total_views":4,"footnotes":""},"categories":[4],"tags":[],"class_list":["post-525","post","type-post","status-publish","format-standard","hentry","category-krav-maga"],"_links":{"self":[{"href":"https:\/\/ecoledesartsmartiaux.fr\/index.php?rest_route=\/wp\/v2\/posts\/525"}],"collection":[{"href":"https:\/\/ecoledesartsmartiaux.fr\/index.php?rest_route=\/wp\/v2\/posts"}],"about":[{"href":"https:\/\/ecoledesartsmartiaux.fr\/index.php?rest_route=\/wp\/v2\/types\/post"}],"author":[{"embeddable":true,"href":"https:\/\/ecoledesartsmartiaux.fr\/index.php?rest_route=\/wp\/v2\/users\/1"}],"replies":[{"embeddable":true,"href":"https:\/\/ecoledesartsmartiaux.fr\/index.php?rest_route=%2Fwp%2Fv2%2Fcomments&post=525"}],"version-history":[{"count":12,"href":"https:\/\/ecoledesartsmartiaux.fr\/index.php?rest_route=\/wp\/v2\/posts\/525\/revisions"}],"predecessor-version":[{"id":242061,"href":"https:\/\/ecoledesartsmartiaux.fr\/index.php?rest_route=\/wp\/v2\/posts\/525\/revisions\/242061"}],"wp:attachment":[{"href":"https:\/\/ecoledesartsmartiaux.fr\/index.php?rest_route=%2Fwp%2Fv2%2Fmedia&parent=525"}],"wp:term":[{"taxonomy":"category","embeddable":true,"href":"https:\/\/ecoledesartsmartiaux.fr\/index.php?rest_route=%2Fwp%2Fv2%2Fcategories&post=525"},{"taxonomy":"post_tag","embeddable":true,"href":"https:\/\/ecoledesartsmartiaux.fr\/index.php?rest_route=%2Fwp%2Fv2%2Ftags&post=525"}],"curies":[{"name":"wp","href":"https:\/\/api.w.org\/{rel}","templated":true}]}}