{"id":486,"date":"2018-12-02T19:35:42","date_gmt":"2018-12-02T18:35:42","guid":{"rendered":"http:\/\/ecoledesartsmartiaux.fr\/?p=486"},"modified":"2023-09-24T02:19:39","modified_gmt":"2023-09-24T00:19:39","slug":"championnat-deurope-de-krav-maga-florence","status":"publish","type":"post","link":"https:\/\/ecoledesartsmartiaux.fr\/?p=486","title":{"rendered":"Championnat d&rsquo;Europe de Krav Maga Florence- Italie 2018"},"content":{"rendered":"<p>Un championnat d&rsquo;Europe \u00e0 Florence o\u00f9 l&rsquo;\u00e9cole des arts martiaux de Lompret a encore brill\u00e9.<br \/>\nCathy Garno et son bin\u00f4me Dominique Harlay Ont obtenu la m\u00e9daille d&rsquo;argent en v\u00e9t\u00e9ran ainsi que la m\u00e9daille de bronze en Open.<br \/>\nMarine van Gasse ainsi que son bin\u00f4me Amelie Revillon montent sur la plus haute marche du podium en obtenant la m\u00e9daille d&rsquo;or en senior ainsi que la m\u00e9daille de bronze en Open.<\/p>\n\n<p>&nbsp;<\/p>\n","protected":false},"excerpt":{"rendered":"<p>Un championnat d&rsquo;Europe \u00e0 Florence o\u00f9 l&rsquo;\u00e9cole des arts martiaux de Lompret a encore brill\u00e9. Cathy Garno et son bin\u00f4me Dominique Harlay Ont obtenu la m\u00e9daille d&rsquo;argent en v\u00e9t\u00e9ran ainsi que la m\u00e9daille de bronze en Open. Marine van Gasse ainsi que son bin\u00f4me Amelie Revillon montent sur la plus haute marche du podium en [&hellip;]<\/p>\n","protected":false},"author":1,"featured_media":489,"comment_status":"open","ping_status":"open","sticky":false,"template":"","format":"standard","meta":{"_et_pb_use_builder":"","_et_pb_old_content":"","_et_gb_content_width":"","iawp_total_views":19,"footnotes":""},"categories":[4],"tags":[],"class_list":["post-486","post","type-post","status-publish","format-standard","has-post-thumbnail","hentry","category-krav-maga"],"_links":{"self":[{"href":"https:\/\/ecoledesartsmartiaux.fr\/index.php?rest_route=\/wp\/v2\/posts\/486"}],"collection":[{"href":"https:\/\/ecoledesartsmartiaux.fr\/index.php?rest_route=\/wp\/v2\/posts"}],"about":[{"href":"https:\/\/ecoledesartsmartiaux.fr\/index.php?rest_route=\/wp\/v2\/types\/post"}],"author":[{"embeddable":true,"href":"https:\/\/ecoledesartsmartiaux.fr\/index.php?rest_route=\/wp\/v2\/users\/1"}],"replies":[{"embeddable":true,"href":"https:\/\/ecoledesartsmartiaux.fr\/index.php?rest_route=%2Fwp%2Fv2%2Fcomments&post=486"}],"version-history":[{"count":11,"href":"https:\/\/ecoledesartsmartiaux.fr\/index.php?rest_route=\/wp\/v2\/posts\/486\/revisions"}],"predecessor-version":[{"id":574,"href":"https:\/\/ecoledesartsmartiaux.fr\/index.php?rest_route=\/wp\/v2\/posts\/486\/revisions\/574"}],"wp:featuredmedia":[{"embeddable":true,"href":"https:\/\/ecoledesartsmartiaux.fr\/index.php?rest_route=\/wp\/v2\/media\/489"}],"wp:attachment":[{"href":"https:\/\/ecoledesartsmartiaux.fr\/index.php?rest_route=%2Fwp%2Fv2%2Fmedia&parent=486"}],"wp:term":[{"taxonomy":"category","embeddable":true,"href":"https:\/\/ecoledesartsmartiaux.fr\/index.php?rest_route=%2Fwp%2Fv2%2Fcategories&post=486"},{"taxonomy":"post_tag","embeddable":true,"href":"https:\/\/ecoledesartsmartiaux.fr\/index.php?rest_route=%2Fwp%2Fv2%2Ftags&post=486"}],"curies":[{"name":"wp","href":"https:\/\/api.w.org\/{rel}","templated":true}]}}