{"id":242208,"date":"2023-12-27T00:21:19","date_gmt":"2023-12-26T23:21:19","guid":{"rendered":"https:\/\/ecoledesartsmartiaux.fr\/?p=242208"},"modified":"2023-12-27T00:27:29","modified_gmt":"2023-12-26T23:27:29","slug":"stage-siena-15-16-17-decembre-2023","status":"publish","type":"post","link":"https:\/\/ecoledesartsmartiaux.fr\/?p=242208","title":{"rendered":"Stage Siena 15-16-17 decembre 2023"},"content":{"rendered":"<p>[et_pb_section fb_built=\u00a0\u00bb1&Prime; _builder_version=\u00a0\u00bb4.22.1&Prime; _module_preset=\u00a0\u00bbdefault\u00a0\u00bb global_colors_info=\u00a0\u00bb{}\u00a0\u00bb theme_builder_area=\u00a0\u00bbpost_content\u00a0\u00bb][et_pb_row _builder_version=\u00a0\u00bb4.22.1&Prime; _module_preset=\u00a0\u00bbdefault\u00a0\u00bb global_colors_info=\u00a0\u00bb{}\u00a0\u00bb theme_builder_area=\u00a0\u00bbpost_content\u00a0\u00bb][et_pb_column type=\u00a0\u00bb4_4&Prime; _builder_version=\u00a0\u00bb4.22.1&Prime; _module_preset=\u00a0\u00bbdefault\u00a0\u00bb global_colors_info=\u00a0\u00bb{}\u00a0\u00bb theme_builder_area=\u00a0\u00bbpost_content\u00a0\u00bb][et_pb_text _builder_version=\u00a0\u00bb4.22.1&Prime; _module_preset=\u00a0\u00bbdefault\u00a0\u00bb global_colors_info=\u00a0\u00bb{}\u00a0\u00bb theme_builder_area=\u00a0\u00bbpost_content\u00a0\u00bb]<\/p>\n<div class=\"xdj266r x11i5rnm xat24cr x1mh8g0r x1vvkbs x126k92a\">\n<div dir=\"auto\">\n<div class=\"xdj266r x11i5rnm xat24cr x1mh8g0r x1vvkbs x126k92a\">\n<div dir=\"auto\">remerciements \u00e0 la <span><a class=\"x1i10hfl xjbqb8w x6umtig x1b1mbwd xaqea5y xav7gou x9f619 x1ypdohk xt0psk2 xe8uvvx xdj266r x11i5rnm xat24cr x1mh8g0r xexx8yu x4uap5 x18d9i69 xkhd6sd x16tdsg8 x1hl2dhg xggy1nq x1a2a7pz xt0b8zv x1qq9wsj xo1l8bm\" href=\"https:\/\/www.facebook.com\/giuseppe.palma.391?__cft__[0]=AZWqp2gFueCC16bsdx9KWP3LZm43tKEhqCu0h37SBjrRl8jhPl1wz_FAtiqKoaYZuvq_V-TEdYRo3FKKpAIXBfPBYK49wOsbrqusnX0SS6VzZe_Ww7fiPDeeUL9KK2biQvDjK2cC8lhcRg2KOYXdKUqX-eYh3FzNMa2sWNaIV0U11A&amp;__tn__=-]K-R\" role=\"link\" tabindex=\"0\"><span class=\"xt0psk2\">Federazione Italiana Krav Maga<\/span><\/a><\/span> de m&rsquo;avoir permis d&rsquo;animer ce stage tr\u00e8s appr\u00e9ci\u00e9 par l&rsquo;ensemble des participants. <span class=\"x3nfvp2 x1j61x8r x1fcty0u xdj266r xhhsvwb xat24cr xgzva0m xxymvpz xlup9mm x1kky2od\"><img loading=\"lazy\" decoding=\"async\" height=\"16\" width=\"16\" alt=\"\ud83d\udca5\" class=\"xz74otr\" referrerpolicy=\"origin-when-cross-origin\" src=\"https:\/\/static.xx.fbcdn.net\/images\/emoji.php\/v9\/t40\/1\/16\/1f4a5.png\" \/><\/span><span class=\"x3nfvp2 x1j61x8r x1fcty0u xdj266r xhhsvwb xat24cr xgzva0m xxymvpz xlup9mm x1kky2od\"><img loading=\"lazy\" decoding=\"async\" height=\"16\" width=\"16\" alt=\"\u2728\ufe0f\" class=\"xz74otr\" referrerpolicy=\"origin-when-cross-origin\" src=\"https:\/\/static.xx.fbcdn.net\/images\/emoji.php\/v9\/tf4\/1\/16\/2728.png\" \/><\/span><\/div>\n<\/div>\n<div class=\"x11i5rnm xat24cr x1mh8g0r x1vvkbs xtlvy1s x126k92a\">\n<div dir=\"auto\">Merci \u00e9galement au pr\u00e9sident <span><a class=\"x1i10hfl xjbqb8w x6umtig x1b1mbwd xaqea5y xav7gou x9f619 x1ypdohk xt0psk2 xe8uvvx xdj266r x11i5rnm xat24cr x1mh8g0r xexx8yu x4uap5 x18d9i69 xkhd6sd x16tdsg8 x1hl2dhg xggy1nq x1a2a7pz xt0b8zv x1qq9wsj xo1l8bm\" href=\"https:\/\/www.facebook.com\/GiuseppePalma19?__cft__[0]=AZWqp2gFueCC16bsdx9KWP3LZm43tKEhqCu0h37SBjrRl8jhPl1wz_FAtiqKoaYZuvq_V-TEdYRo3FKKpAIXBfPBYK49wOsbrqusnX0SS6VzZe_Ww7fiPDeeUL9KK2biQvDjK2cC8lhcRg2KOYXdKUqX-eYh3FzNMa2sWNaIV0U11A&amp;__tn__=-]K-R\" role=\"link\" tabindex=\"0\"><span class=\"xt0psk2\">Giuseppe Palma<\/span><\/a><\/span> ainsi qu&rsquo;\u00e0 <span><a class=\"x1i10hfl xjbqb8w x6umtig x1b1mbwd xaqea5y xav7gou x9f619 x1ypdohk xt0psk2 xe8uvvx xdj266r x11i5rnm xat24cr x1mh8g0r xexx8yu x4uap5 x18d9i69 xkhd6sd x16tdsg8 x1hl2dhg xggy1nq x1a2a7pz xt0b8zv x1qq9wsj xo1l8bm\" href=\"https:\/\/www.facebook.com\/joe.carere?__cft__[0]=AZWqp2gFueCC16bsdx9KWP3LZm43tKEhqCu0h37SBjrRl8jhPl1wz_FAtiqKoaYZuvq_V-TEdYRo3FKKpAIXBfPBYK49wOsbrqusnX0SS6VzZe_Ww7fiPDeeUL9KK2biQvDjK2cC8lhcRg2KOYXdKUqX-eYh3FzNMa2sWNaIV0U11A&amp;__tn__=-]K-R\" role=\"link\" tabindex=\"0\"><span class=\"xt0psk2\">Joe Carere<\/span><\/a><\/span> pour leur formidable accueil au plaisir de les retrouver prochainement en France !<span class=\"x3nfvp2 x1j61x8r x1fcty0u xdj266r xhhsvwb xat24cr xgzva0m xxymvpz xlup9mm x1kky2od\"><img loading=\"lazy\" decoding=\"async\" height=\"16\" width=\"16\" alt=\"\ud83d\ude4f\" class=\"xz74otr\" referrerpolicy=\"origin-when-cross-origin\" src=\"https:\/\/static.xx.fbcdn.net\/images\/emoji.php\/v9\/t80\/1\/16\/1f64f.png\" \/><\/span><span class=\"x3nfvp2 x1j61x8r x1fcty0u xdj266r xhhsvwb xat24cr xgzva0m xxymvpz xlup9mm x1kky2od\"><img loading=\"lazy\" decoding=\"async\" height=\"16\" width=\"16\" alt=\"\ud83c\udde8\ud83c\uddf5\" class=\"xz74otr\" referrerpolicy=\"origin-when-cross-origin\" src=\"https:\/\/static.xx.fbcdn.net\/images\/emoji.php\/v9\/tc8\/1\/16\/1f1e8_1f1f5.png\" \/><\/span><span class=\"x3nfvp2 x1j61x8r x1fcty0u xdj266r xhhsvwb xat24cr xgzva0m xxymvpz xlup9mm x1kky2od\"><img loading=\"lazy\" decoding=\"async\" height=\"16\" width=\"16\" alt=\"\ud83c\uddee\ud83c\uddf9\" class=\"xz74otr\" referrerpolicy=\"origin-when-cross-origin\" src=\"https:\/\/static.xx.fbcdn.net\/images\/emoji.php\/v9\/tb9\/1\/16\/1f1ee_1f1f9.png\" \/><\/span><\/div>\n<\/div>\n<\/div>\n<\/div>\n<p>[\/et_pb_text][\/et_pb_column][\/et_pb_row][et_pb_row _builder_version=\u00a0\u00bb4.22.1&Prime; _module_preset=\u00a0\u00bbdefault\u00a0\u00bb global_colors_info=\u00a0\u00bb{}\u00a0\u00bb theme_builder_area=\u00a0\u00bbpost_content\u00a0\u00bb][et_pb_column type=\u00a0\u00bb4_4&Prime; _builder_version=\u00a0\u00bb4.22.1&Prime; _module_preset=\u00a0\u00bbdefault\u00a0\u00bb global_colors_info=\u00a0\u00bb{}\u00a0\u00bb theme_builder_area=\u00a0\u00bbpost_content\u00a0\u00bb][et_pb_gallery gallery_ids=\u00a0\u00bb242209,242210&Prime; _builder_version=\u00a0\u00bb4.22.1&Prime; _module_preset=\u00a0\u00bbdefault\u00a0\u00bb global_colors_info=\u00a0\u00bb{}\u00a0\u00bb theme_builder_area=\u00a0\u00bbpost_content\u00a0\u00bb][\/et_pb_gallery][\/et_pb_column][\/et_pb_row][et_pb_row _builder_version=\u00a0\u00bb4.22.1&Prime; _module_preset=\u00a0\u00bbdefault\u00a0\u00bb global_colors_info=\u00a0\u00bb{}\u00a0\u00bb theme_builder_area=\u00a0\u00bbpost_content\u00a0\u00bb][et_pb_column type=\u00a0\u00bb4_4&Prime; _builder_version=\u00a0\u00bb4.22.1&Prime; _module_preset=\u00a0\u00bbdefault\u00a0\u00bb global_colors_info=\u00a0\u00bb{}\u00a0\u00bb theme_builder_area=\u00a0\u00bbpost_content\u00a0\u00bb][dsm_image_accordion _builder_version=\u00a0\u00bb4.22.1&Prime; _module_preset=\u00a0\u00bbdefault\u00a0\u00bb global_colors_info=\u00a0\u00bb{}\u00a0\u00bb theme_builder_area=\u00a0\u00bbpost_content\u00a0\u00bb][\/dsm_image_accordion][\/et_pb_column][\/et_pb_row][\/et_pb_section]<\/p>\n","protected":false},"excerpt":{"rendered":"<p>remerciements \u00e0 la Federazione Italiana Krav Maga de m&rsquo;avoir permis d&rsquo;animer ce stage tr\u00e8s appr\u00e9ci\u00e9 par l&rsquo;ensemble des participants. Merci \u00e9galement au pr\u00e9sident Giuseppe Palma ainsi qu&rsquo;\u00e0 Joe Carere pour leur formidable accueil au plaisir de les retrouver prochainement en France ! <div class=\"et_pb_module dsm_image_accordion dsm_image_accordion_0 dsm_image_accordion_animation_fade_in dsm_image_accordion_animation_sequence_off\">\n\t\t\t\t\n\t\t\t\t\n\t\t\t\t\n\t\t\t\t\n\t\t\t\t\n\t\t\t\t\n\t\t\t\t<div class=\"et_pb_module_inner\">\n\t\t\t\t\t<div class=\"dsm_image_accordion_wrapper dsm_image_accordion_trigger_on_hover\">\n                \n            <\/div>\n\t\t\t\t<\/div>\n\t\t\t<\/div><\/p>\n","protected":false},"author":1,"featured_media":242212,"comment_status":"open","ping_status":"open","sticky":false,"template":"","format":"standard","meta":{"_et_pb_use_builder":"on","_et_pb_old_content":"","_et_gb_content_width":"","iawp_total_views":41,"footnotes":""},"categories":[4],"tags":[],"class_list":["post-242208","post","type-post","status-publish","format-standard","has-post-thumbnail","hentry","category-krav-maga"],"_links":{"self":[{"href":"https:\/\/ecoledesartsmartiaux.fr\/index.php?rest_route=\/wp\/v2\/posts\/242208"}],"collection":[{"href":"https:\/\/ecoledesartsmartiaux.fr\/index.php?rest_route=\/wp\/v2\/posts"}],"about":[{"href":"https:\/\/ecoledesartsmartiaux.fr\/index.php?rest_route=\/wp\/v2\/types\/post"}],"author":[{"embeddable":true,"href":"https:\/\/ecoledesartsmartiaux.fr\/index.php?rest_route=\/wp\/v2\/users\/1"}],"replies":[{"embeddable":true,"href":"https:\/\/ecoledesartsmartiaux.fr\/index.php?rest_route=%2Fwp%2Fv2%2Fcomments&post=242208"}],"version-history":[{"count":4,"href":"https:\/\/ecoledesartsmartiaux.fr\/index.php?rest_route=\/wp\/v2\/posts\/242208\/revisions"}],"predecessor-version":[{"id":242216,"href":"https:\/\/ecoledesartsmartiaux.fr\/index.php?rest_route=\/wp\/v2\/posts\/242208\/revisions\/242216"}],"wp:featuredmedia":[{"embeddable":true,"href":"https:\/\/ecoledesartsmartiaux.fr\/index.php?rest_route=\/wp\/v2\/media\/242212"}],"wp:attachment":[{"href":"https:\/\/ecoledesartsmartiaux.fr\/index.php?rest_route=%2Fwp%2Fv2%2Fmedia&parent=242208"}],"wp:term":[{"taxonomy":"category","embeddable":true,"href":"https:\/\/ecoledesartsmartiaux.fr\/index.php?rest_route=%2Fwp%2Fv2%2Fcategories&post=242208"},{"taxonomy":"post_tag","embeddable":true,"href":"https:\/\/ecoledesartsmartiaux.fr\/index.php?rest_route=%2Fwp%2Fv2%2Ftags&post=242208"}],"curies":[{"name":"wp","href":"https:\/\/api.w.org\/{rel}","templated":true}]}}